{"id":9606,"date":"2023-12-07T01:35:00","date_gmt":"2023-12-07T01:35:00","guid":{"rendered":"https:\/\/speechneurolab.ca\/?p=9606"},"modified":"2023-12-07T18:21:22","modified_gmt":"2023-12-07T18:21:22","slug":"new-pathways-foundation-internship-at-cervo","status":"publish","type":"post","link":"https:\/\/speechneurolab.ca\/en\/new-pathways-foundation-internship-at-cervo\/","title":{"rendered":"New Pathways Foundation internship at CERVO"},"content":{"rendered":"\t\t<div data-elementor-type=\"wp-post\" data-elementor-id=\"9606\" class=\"elementor elementor-9606\">\n\t\t\t\t\t\t<section class=\"elementor-section elementor-top-section elementor-element elementor-element-d1f466f elementor-section-boxed elementor-section-height-default elementor-section-height-default\" data-id=\"d1f466f\" data-element_type=\"section\">\n\t\t\t\t\t\t<div class=\"elementor-container elementor-column-gap-default\">\n\t\t\t\t\t<div class=\"elementor-column elementor-col-100 elementor-top-column elementor-element elementor-element-638d2c1\" data-id=\"638d2c1\" data-element_type=\"column\">\n\t\t\t<div class=\"elementor-widget-wrap elementor-element-populated\">\n\t\t\t\t\t\t<div class=\"elementor-element elementor-element-8c8d221 elementor-widget elementor-widget-image\" data-id=\"8c8d221\" data-element_type=\"widget\" data-widget_type=\"image.default\">\n\t\t\t\t<div class=\"elementor-widget-container\">\n\t\t\t\t\t\t\t\t\t\t\t\t<figure class=\"wp-caption\">\n\t\t\t\t\t\t\t\t\t\t<img fetchpriority=\"high\" decoding=\"async\" width=\"1024\" height=\"879\" src=\"https:\/\/speechneurolab.ca\/wp-content\/uploads\/2023\/12\/StageDeviens2b-1024x879.jpg\" class=\"attachment-large size-large wp-image-9529\" alt=\"\" srcset=\"https:\/\/speechneurolab.ca\/wp-content\/uploads\/2023\/12\/StageDeviens2b-1024x879.jpg 1024w, https:\/\/speechneurolab.ca\/wp-content\/uploads\/2023\/12\/StageDeviens2b-300x258.jpg 300w, https:\/\/speechneurolab.ca\/wp-content\/uploads\/2023\/12\/StageDeviens2b-768x659.jpg 768w, https:\/\/speechneurolab.ca\/wp-content\/uploads\/2023\/12\/StageDeviens2b-1536x1318.jpg 1536w, https:\/\/speechneurolab.ca\/wp-content\/uploads\/2023\/12\/StageDeviens2b-540x464.jpg 540w, https:\/\/speechneurolab.ca\/wp-content\/uploads\/2023\/12\/StageDeviens2b-860x738.jpg 860w, https:\/\/speechneurolab.ca\/wp-content\/uploads\/2023\/12\/StageDeviens2b-1170x1004.jpg 1170w, https:\/\/speechneurolab.ca\/wp-content\/uploads\/2023\/12\/StageDeviens2b.jpg 1956w\" sizes=\"(max-width: 1024px) 100vw, 1024px\" \/>\t\t\t\t\t\t\t\t\t\t\t<figcaption class=\"widget-image-caption wp-caption-text\">Figure 1. Our group of visitors<\/figcaption>\n\t\t\t\t\t\t\t\t\t\t<\/figure>\n\t\t\t\t\t\t\t\t\t<\/div>\n\t\t\t\t<\/div>\n\t\t\t\t\t<\/div>\n\t\t<\/div>\n\t\t\t\t\t<\/div>\n\t\t<\/section>\n\t\t\t\t<section class=\"elementor-section elementor-top-section elementor-element elementor-element-40e01e9 elementor-section-boxed elementor-section-height-default elementor-section-height-default\" data-id=\"40e01e9\" data-element_type=\"section\">\n\t\t\t\t\t\t<div class=\"elementor-container elementor-column-gap-default\">\n\t\t\t\t\t<div class=\"elementor-column elementor-col-100 elementor-top-column elementor-element elementor-element-354bb99\" data-id=\"354bb99\" data-element_type=\"column\">\n\t\t\t<div class=\"elementor-widget-wrap elementor-element-populated\">\n\t\t\t\t\t\t<div class=\"elementor-element elementor-element-0c3afae elementor-widget elementor-widget-text-editor\" data-id=\"0c3afae\" data-element_type=\"widget\" data-widget_type=\"text-editor.default\">\n\t\t\t\t<div class=\"elementor-widget-container\">\n\t\t\t\t\t\t\t\t\t<p style=\"font-weight: 400;\">On November 14th, we had the pleasure of welcoming to <a href=\"https:\/\/cervo.ulaval.ca\/en\">CERVO<\/a> (and the lab!) seven young people from Sept-\u00celes, Pikogan, Lac-Simon, Mingan, and Natashquan, along with their two friendly supervisors, as part of the <a href=\"https:\/\/nouveauxsentiers.com\/en\/become\/\">BECOME (DEVIENS)<\/a>\u00a0initiative of the <a href=\"https:\/\/nouveauxsentiers.com\/en\/\">New Pathways Foundation (Fondation Nouveaux Sentiers)<\/a>. The foundation\u2019s mission is to engage and support young people from First Nations in Quebec in their well-being, individual and collective development, and growth. The DEVIENS internships aim to promote academic perseverance and career orientation for high school First Nations students.<\/p><p style=\"font-weight: 400;\"><span style=\"font-weight: 400;\">On their day at CERVO, organized by Pascale, the lab director, our visitors met several students and researchers interested in the brain, and they interacted with various healthcare professionals, including a speech-language pathologist, an audiologist, a psychologist, a psychiatrist, a social worker, and a radiologic technologist. The students visited Professor Parent\u2019s brain bank (Figure 2), and participated in microscopy workshops with different types of tissues, including fish, thanks to the students of Professors Silvia Pozzi, Paul De Koninck, and Flavie Cardial. They learned about cognitive functions and how they are measured, took electroencephalography (EEG) measurements (Figure 3), and observed the effects of brain stimulation (thanks to Alexandre for lending us his brain for the occasion!). They also visited the brand-new magnetic resonance imaging (MRI) center at CERVO (Figure 4) and met with the director, C\u00e9line, who taught them more about brain imaging and MRI physics.<\/span><\/p><p>\u00a0<\/p>\t\t\t\t\t\t\t\t<\/div>\n\t\t\t\t<\/div>\n\t\t\t\t<div class=\"elementor-element elementor-element-e30d861 elementor-widget elementor-widget-image\" data-id=\"e30d861\" data-element_type=\"widget\" data-widget_type=\"image.default\">\n\t\t\t\t<div class=\"elementor-widget-container\">\n\t\t\t\t\t\t\t\t\t\t\t\t<figure class=\"wp-caption\">\n\t\t\t\t\t\t\t\t\t\t<img decoding=\"async\" width=\"1024\" height=\"960\" src=\"https:\/\/speechneurolab.ca\/wp-content\/uploads\/2023\/12\/StageDeviens3b-1024x960.jpg\" class=\"attachment-large size-large wp-image-9561\" alt=\"\" srcset=\"https:\/\/speechneurolab.ca\/wp-content\/uploads\/2023\/12\/StageDeviens3b-1024x960.jpg 1024w, https:\/\/speechneurolab.ca\/wp-content\/uploads\/2023\/12\/StageDeviens3b-300x281.jpg 300w, https:\/\/speechneurolab.ca\/wp-content\/uploads\/2023\/12\/StageDeviens3b-768x720.jpg 768w, https:\/\/speechneurolab.ca\/wp-content\/uploads\/2023\/12\/StageDeviens3b-1536x1440.jpg 1536w, https:\/\/speechneurolab.ca\/wp-content\/uploads\/2023\/12\/StageDeviens3b-2048x1920.jpg 2048w, https:\/\/speechneurolab.ca\/wp-content\/uploads\/2023\/12\/StageDeviens3b-540x506.jpg 540w, https:\/\/speechneurolab.ca\/wp-content\/uploads\/2023\/12\/StageDeviens3b-860x806.jpg 860w, https:\/\/speechneurolab.ca\/wp-content\/uploads\/2023\/12\/StageDeviens3b-1170x1097.jpg 1170w\" sizes=\"(max-width: 1024px) 100vw, 1024px\" \/>\t\t\t\t\t\t\t\t\t\t\t<figcaption class=\"widget-image-caption wp-caption-text\">Figure 2. Visit of the brain bank<\/figcaption>\n\t\t\t\t\t\t\t\t\t\t<\/figure>\n\t\t\t\t\t\t\t\t\t<\/div>\n\t\t\t\t<\/div>\n\t\t\t\t\t<\/div>\n\t\t<\/div>\n\t\t\t\t\t<\/div>\n\t\t<\/section>\n\t\t\t\t<section class=\"elementor-section elementor-top-section elementor-element elementor-element-8a4aa4d elementor-section-boxed elementor-section-height-default elementor-section-height-default\" data-id=\"8a4aa4d\" data-element_type=\"section\">\n\t\t\t\t\t\t<div class=\"elementor-container elementor-column-gap-default\">\n\t\t\t\t\t<div class=\"elementor-column elementor-col-100 elementor-top-column elementor-element elementor-element-d961361\" data-id=\"d961361\" data-element_type=\"column\">\n\t\t\t<div class=\"elementor-widget-wrap elementor-element-populated\">\n\t\t\t\t\t\t<div class=\"elementor-element elementor-element-888d039 elementor-widget elementor-widget-text-editor\" data-id=\"888d039\" data-element_type=\"widget\" data-widget_type=\"text-editor.default\">\n\t\t\t\t<div class=\"elementor-widget-container\">\n\t\t\t\t\t\t\t\t\t<p style=\"font-weight: 400;\">The next day, additional visits were organized by CIRRIS Director Catherine Mercier and her team, as well as by the Faculty of Medicine, to complete the second edition of the healthcare internship in November 2023.<\/p><p style=\"font-weight: 400;\">Thanks to everyone who participated in the various workshops of the day (Andr\u00e9anne Desch\u00eanes, Antoine Girard, Marion Boyer, Margaux Caperaa, Odessa Tanv\u00e9, Andr\u00e9anne Sharp, Jo\u00ebl Macoir, C\u00e9line Leclerc, Alexandre Sicard, M\u00e9lissa Dion, Carol Hudon, Marc-Andr\u00e9 Roy, Jasmine B\u00e9langer, Justine Blanchet, Paul De Koninck, Morgan B\u00e9rard, and Pascale Tremblay), as well as to our young visitors!<\/p>\t\t\t\t\t\t\t\t<\/div>\n\t\t\t\t<\/div>\n\t\t\t\t<div class=\"elementor-element elementor-element-0904059 elementor-widget elementor-widget-image\" data-id=\"0904059\" data-element_type=\"widget\" data-widget_type=\"image.default\">\n\t\t\t\t<div class=\"elementor-widget-container\">\n\t\t\t\t\t\t\t\t\t\t\t\t<figure class=\"wp-caption\">\n\t\t\t\t\t\t\t\t\t\t<img decoding=\"async\" width=\"1024\" height=\"768\" src=\"https:\/\/speechneurolab.ca\/wp-content\/uploads\/2023\/12\/StageDeviens1-1024x768.jpg\" class=\"attachment-large size-large wp-image-9523\" alt=\"\" srcset=\"https:\/\/speechneurolab.ca\/wp-content\/uploads\/2023\/12\/StageDeviens1-1024x768.jpg 1024w, https:\/\/speechneurolab.ca\/wp-content\/uploads\/2023\/12\/StageDeviens1-300x225.jpg 300w, https:\/\/speechneurolab.ca\/wp-content\/uploads\/2023\/12\/StageDeviens1-768x576.jpg 768w, https:\/\/speechneurolab.ca\/wp-content\/uploads\/2023\/12\/StageDeviens1-1536x1152.jpg 1536w, https:\/\/speechneurolab.ca\/wp-content\/uploads\/2023\/12\/StageDeviens1-2048x1536.jpg 2048w, https:\/\/speechneurolab.ca\/wp-content\/uploads\/2023\/12\/StageDeviens1-540x405.jpg 540w, https:\/\/speechneurolab.ca\/wp-content\/uploads\/2023\/12\/StageDeviens1-860x645.jpg 860w, https:\/\/speechneurolab.ca\/wp-content\/uploads\/2023\/12\/StageDeviens1-1170x878.jpg 1170w\" sizes=\"(max-width: 1024px) 100vw, 1024px\" \/>\t\t\t\t\t\t\t\t\t\t\t<figcaption class=\"widget-image-caption wp-caption-text\">Figure 3. Discovering electroencephalography in the lab<\/figcaption>\n\t\t\t\t\t\t\t\t\t\t<\/figure>\n\t\t\t\t\t\t\t\t\t<\/div>\n\t\t\t\t<\/div>\n\t\t\t\t<div class=\"elementor-element elementor-element-634fe8a elementor-widget elementor-widget-image\" data-id=\"634fe8a\" data-element_type=\"widget\" data-widget_type=\"image.default\">\n\t\t\t\t<div class=\"elementor-widget-container\">\n\t\t\t\t\t\t\t\t\t\t\t\t<figure class=\"wp-caption\">\n\t\t\t\t\t\t\t\t\t\t<img loading=\"lazy\" decoding=\"async\" width=\"1024\" height=\"768\" src=\"https:\/\/speechneurolab.ca\/wp-content\/uploads\/2023\/12\/Deviens4-1024x768.png\" class=\"attachment-large size-large wp-image-9531\" alt=\"\" srcset=\"https:\/\/speechneurolab.ca\/wp-content\/uploads\/2023\/12\/Deviens4-1024x768.png 1024w, https:\/\/speechneurolab.ca\/wp-content\/uploads\/2023\/12\/Deviens4-300x225.png 300w, https:\/\/speechneurolab.ca\/wp-content\/uploads\/2023\/12\/Deviens4-768x576.png 768w, https:\/\/speechneurolab.ca\/wp-content\/uploads\/2023\/12\/Deviens4-1536x1152.png 1536w, https:\/\/speechneurolab.ca\/wp-content\/uploads\/2023\/12\/Deviens4-2048x1536.png 2048w, https:\/\/speechneurolab.ca\/wp-content\/uploads\/2023\/12\/Deviens4-540x405.png 540w, https:\/\/speechneurolab.ca\/wp-content\/uploads\/2023\/12\/Deviens4-860x645.png 860w, https:\/\/speechneurolab.ca\/wp-content\/uploads\/2023\/12\/Deviens4-1170x878.png 1170w\" sizes=\"(max-width: 1024px) 100vw, 1024px\" \/>\t\t\t\t\t\t\t\t\t\t\t<figcaption class=\"widget-image-caption wp-caption-text\">Figure 4. Visit to the MRI center with C\u00e9line<\/figcaption>\n\t\t\t\t\t\t\t\t\t\t<\/figure>\n\t\t\t\t\t\t\t\t\t<\/div>\n\t\t\t\t<\/div>\n\t\t\t\t\t<\/div>\n\t\t<\/div>\n\t\t\t\t\t<\/div>\n\t\t<\/section>\n\t\t\t\t<section class=\"elementor-section elementor-top-section elementor-element elementor-element-72b111d elementor-section-boxed elementor-section-height-default elementor-section-height-default\" data-id=\"72b111d\" data-element_type=\"section\">\n\t\t\t\t\t\t<div class=\"elementor-container elementor-column-gap-default\">\n\t\t\t\t\t<div class=\"elementor-column elementor-col-100 elementor-top-column elementor-element elementor-element-5317a2e\" data-id=\"5317a2e\" data-element_type=\"column\">\n\t\t\t<div class=\"elementor-widget-wrap elementor-element-populated\">\n\t\t\t\t\t\t<div class=\"elementor-element elementor-element-5ec38c7 elementor-widget elementor-widget-text-editor\" data-id=\"5ec38c7\" data-element_type=\"widget\" data-widget_type=\"text-editor.default\">\n\t\t\t\t<div class=\"elementor-widget-container\">\n\t\t\t\t\t\t\t\t\t<p><strong>Suggested Readings:<\/strong><\/p><ul><li><a href=\"https:\/\/speechneurolab.ca\/en\/magnetic-resonance-imaging-mri\/\">Magnetic resonance imaging (MRI)<\/a><\/li><li><a href=\"https:\/\/speechneurolab.ca\/en\/electroencephalography-eeg\/\">Electroencephalography (EEG)<\/a><\/li><li><a href=\"https:\/\/speechneurolab.ca\/en\/cliches-sur-le-vif-lors-des-tests-eeg-2\/\">Snapshots during EEG tests<\/a><\/li><li><a href=\"https:\/\/speechneurolab.ca\/en\/the-anatomy-of-the-human-brain\/\">The anatomy of the human brain<\/a><\/li><li><a href=\"https:\/\/speechneurolab.ca\/en\/la-matiere-grise-et-blanche-2\/\">Gray and white matter<\/a><\/li><li><a href=\"https:\/\/speechneurolab.ca\/en\/comment-fonctionne-le-cerveau-humain\/\">How does the human brain work?<\/a><\/li><li><a href=\"https:\/\/speechneurolab.ca\/en\/1st-mri-exam-at-the-new-platform-of-the-cervo-brain-research-centre\/\">1st MRI exam at the new platform of the CERVO Brain Research Centre<\/a><\/li><li><a href=\"https:\/\/speechneurolab.ca\/en\/life-of-a-researcher\/\">Life of a researcher<\/a><\/li><\/ul>\t\t\t\t\t\t\t\t<\/div>\n\t\t\t\t<\/div>\n\t\t\t\t\t<\/div>\n\t\t<\/div>\n\t\t\t\t\t<\/div>\n\t\t<\/section>\n\t\t\t\t<\/div>\n\t\t","protected":false},"excerpt":{"rendered":"<p>On November 14th, we had the pleasure of welcoming to CERVO (and the lab!) seven young people from Sept-\u00celes, Pikogan, Lac-Simon, Mingan, and Natashquan, along with their two friendly supervisors, as part of the DEVIENS initiative of the New Pathways Foundation (Fondation Nouveaux Sentiers). The foundation\u2019s mission is to engage and support young people from First Nations in Quebec in their well-being, individual and collective development, and growth. The DEVIENS internships aim to promote academic perseverance and career orientation for high school First Nations students.<\/p>\n","protected":false},"author":2,"featured_media":9529,"comment_status":"closed","ping_status":"closed","sticky":false,"template":"","format":"standard","meta":{"footnotes":""},"categories":[300,302,308],"tags":[313,315,318,345,559,330],"ppma_author":[54],"class_list":["post-9606","post","type-post","status-publish","format-standard","has-post-thumbnail","hentry","category-communication-en","category-lab-members","category-science-outreach","tag-brain","tag-communication-2","tag-eeg-2","tag-mri","tag-presentation-3","tag-research"],"authors":[{"term_id":54,"user_id":2,"is_guest":0,"slug":"admin-pascale","display_name":"Pascale Tremblay","avatar_url":"https:\/\/secure.gravatar.com\/avatar\/ea9e5826afc1fd507cc7b89eaca37953ea310ad30088c3920137ab8e86846244?s=96&d=mm&r=g","author_category":"","user_url":"","last_name":"Tremblay","first_name":"Pascale","job_title":"","description":""}],"_links":{"self":[{"href":"https:\/\/speechneurolab.ca\/en\/wp-json\/wp\/v2\/posts\/9606","targetHints":{"allow":["GET"]}}],"collection":[{"href":"https:\/\/speechneurolab.ca\/en\/wp-json\/wp\/v2\/posts"}],"about":[{"href":"https:\/\/speechneurolab.ca\/en\/wp-json\/wp\/v2\/types\/post"}],"author":[{"embeddable":true,"href":"https:\/\/speechneurolab.ca\/en\/wp-json\/wp\/v2\/users\/2"}],"replies":[{"embeddable":true,"href":"https:\/\/speechneurolab.ca\/en\/wp-json\/wp\/v2\/comments?post=9606"}],"version-history":[{"count":4,"href":"https:\/\/speechneurolab.ca\/en\/wp-json\/wp\/v2\/posts\/9606\/revisions"}],"predecessor-version":[{"id":9610,"href":"https:\/\/speechneurolab.ca\/en\/wp-json\/wp\/v2\/posts\/9606\/revisions\/9610"}],"wp:featuredmedia":[{"embeddable":true,"href":"https:\/\/speechneurolab.ca\/en\/wp-json\/wp\/v2\/media\/9529"}],"wp:attachment":[{"href":"https:\/\/speechneurolab.ca\/en\/wp-json\/wp\/v2\/media?parent=9606"}],"wp:term":[{"taxonomy":"category","embeddable":true,"href":"https:\/\/speechneurolab.ca\/en\/wp-json\/wp\/v2\/categories?post=9606"},{"taxonomy":"post_tag","embeddable":true,"href":"https:\/\/speechneurolab.ca\/en\/wp-json\/wp\/v2\/tags?post=9606"},{"taxonomy":"author","embeddable":true,"href":"https:\/\/speechneurolab.ca\/en\/wp-json\/wp\/v2\/ppma_author?post=9606"}],"curies":[{"name":"wp","href":"https:\/\/api.w.org\/{rel}","templated":true}]}}